{"id":3163,"date":"2024-10-31T20:34:27","date_gmt":"2024-10-31T19:34:27","guid":{"rendered":"https:\/\/www.gaapex.ch\/?p=3163"},"modified":"2024-10-31T20:34:29","modified_gmt":"2024-10-31T19:34:29","slug":"abgabefrist-steuererklaerung-2024","status":"publish","type":"post","link":"https:\/\/www.gaapex.ch\/de\/blog-de\/abgabefrist-steuererklaerung-2024\/","title":{"rendered":"Abgabefrist der Steuererkl\u00e4rungen 2024 von juristischen Personen (Gesellschaften)"},"content":{"rendered":"\n<p>Wir haben eine Zusammenfassung der Abgabefristen von Steuererkl\u00e4rungen f\u00fcr juristische Personen (Gesellschaften) zur Verf\u00fcgung gestellt. Diese Abgabefristen gelten f\u00fcr Gesch\u00e4ftsjahr 2024. Wir machen Ihnen darauf Aufmerksam, dass wir keine Haftung f\u00fcr diese Informationen \u00fcbernehmen. Wir bitten Sie diese Informationen mit den Steuerbeh\u00f6rden von Ihrem Kanton zu \u00fcberpr\u00fcfen.<\/p>\n\n<figure class=\"wp-block-table is-style-stripes\"><table><thead><tr><th>Kanton<\/th><th>Abgabefrist<\/th><th>1. Fristerstreckung<\/th><th>2. Fristerstreckung<\/th><\/tr><\/thead><tbody><tr><td><a href=\"https:\/\/www.ag.ch\/de\/verwaltung\/dfr\/steuern\/juristische-personen\/steuererklaerungen\/fristerstreckung-juristische-personen?dl=fristverlaengerung-steuererklaerung-beantragen-(juristische-personen)-bd9be000-c076-4901-ab15-92c451b1b79e_de\">Aargau (AG<\/a><a href=\"https:\/\/www.ag.ch\/de\/verwaltung\/dfr\/steuern\/juristische-personen\/steuererklaerungen\/fristerstreckung-juristische-personen?dl=fristverlaengerung-steuererklaerung-beantragen-(juristische-personen)-bd9be000-c076-4901-ab15-92c451b1b79e_de\" target=\"_blank\" rel=\"noreferrer noopener\">)<\/a><\/td><td>30.06.2025<\/td><td>31.12.2025<\/td><td><\/td><\/tr><tr><td><a href=\"https:\/\/www.ai.ch\/themen\/steuern\/steuererklaerung-ausfuellen\/fristerstreckung-steuererklaerung\">Appenzell Innerrhoden (AI<\/a><a href=\"https:\/\/www.ai.ch\/themen\/steuern\/steuererklaerung-ausfuellen\/fristerstreckung-steuererklaerung\" target=\"_blank\" rel=\"noreferrer noopener\">)<\/a><\/td><td>31.05.2025<\/td><td>30.11.2025<\/td><td><\/td><\/tr><tr><td><a href=\"https:\/\/ar.ch\/verwaltung\/departement-finanzen\/steuerverwaltung\/steuererklaerungen-fristverlaengerungen\/steuererklaerung-fuer-juristische-personen\/\" target=\"_blank\" rel=\"noreferrer noopener\">Appenzell Ausserrhoden (AR)<\/a><\/td><td>30.06.2025<\/td><td>31.12.2025<\/td><td><\/td><\/tr><tr><td><a href=\"https:\/\/www.baselland.ch\/politik-und-behorden\/direktionen\/finanz-und-kirchendirektion\/steuerverwaltung\/steuerklaerung-juristische-personen-und-jp-tax-bl\/fristen-und-termine\/text-zur-fristverlaengerung-juristische-personen\">Basel-Landschaft<\/a><a href=\"https:\/\/www.baselland.ch\/politik-und-behorden\/direktionen\/finanz-und-kirchendirektion\/steuerverwaltung\/steuerklaerung-juristische-personen-und-jp-tax-bl\/fristen-und-termine\/text-zur-fristverlaengerung-juristische-personen\" target=\"_blank\" rel=\"noreferrer noopener\"> (BL)<\/a><\/td><td>30.06.2025<\/td><td>31.08.2025<\/td><td><\/td><\/tr><tr><td><a href=\"https:\/\/www.steuerverwaltung.bs.ch\/steuererklaerung\/juristische-personen\/abgabetermin.html\" target=\"_blank\" rel=\"noreferrer noopener\">Basel-Stadt (BS)<\/a><\/td><td>30.06.2025<\/td><td>30.09.2025<\/td><td>31.12.2025<\/td><\/tr><tr><td><a href=\"https:\/\/www.sv.fin.be.ch\/de\/start\/themen\/frist-verlaengern\/fristverlaengerung-juristische-personen.html\" target=\"_blank\" rel=\"noreferrer noopener\">Bern (BE)<\/a><\/td><td>31.07.2025<\/td><td>15.09.2025<\/td><td>15.11.2025<\/td><\/tr><tr><td><a href=\"https:\/\/www.fr.ch\/impots\/personnes-morales\/demande-de-delai-pour-personnes-morales\" target=\"_blank\" rel=\"noreferrer noopener\">Freiburg (FR)<\/a><\/td><td>31.08.2025<\/td><td>31.12.2025<\/td><td><\/td><\/tr><tr><td><a href=\"https:\/\/www.ge.ch\/remplir-declaration-fiscale-mon-entreprise\/demander-delai-declaration-mon-entreprise\">Genf<\/a><a href=\"https:\/\/www.ge.ch\/remplir-declaration-fiscale-mon-entreprise\/demander-delai-declaration-mon-entreprise\" target=\"_blank\" rel=\"noreferrer noopener\"> (GE)<\/a><\/td><td>30.04.2025<\/td><td>31.07.2025<\/td><td>30.09.2025<\/td><\/tr><tr><td><a href=\"https:\/\/www.gl.ch\/verwaltung\/finanzen-und-gesundheit\/steuern\/fuer-juristische-personen.html\/499\" target=\"_blank\" rel=\"noreferrer noopener\">Glarus (GL)<\/a><\/td><td>30.06.2025<\/td><td>31.12.2025<\/td><td><\/td><\/tr><tr><td><a href=\"https:\/\/www.gr.ch\/DE\/institutionen\/verwaltung\/dfg\/stv\/steuererklaerung\/gewinn_und_kapitalsteuer\/Seiten\/default.aspx\" target=\"_blank\" rel=\"noreferrer noopener\">Graub\u00fcnden (GR)<\/a><\/td><td>30.09.2025<\/td><td>31.12.2025<\/td><td><\/td><\/tr><tr><td><a href=\"https:\/\/www.jura.ch\/DFI\/CTR\/Personnes-morales.html\" target=\"_blank\" rel=\"noreferrer noopener\">Jura (JU)<\/a><\/td><td>16.08.2025<\/td><td>31.10.2025<\/td><td><\/td><\/tr><tr><td><a href=\"https:\/\/steuern.lu.ch\/juristischepersonen\" target=\"_blank\" rel=\"noreferrer noopener\">Luzern (LU)<\/a><\/td><td>31.08.2025<\/td><td>30.11.2025<\/td><td><\/td><\/tr><tr><td><a href=\"https:\/\/www.ne.ch\/autorites\/DFS\/SCCO\/impot-pm\/Pages\/accueil.aspx\" target=\"_blank\" rel=\"noreferrer noopener\">Neuenburg (NE)<\/a><\/td><td>31.03.2025<\/td><td>30.04.2025<\/td><td>31.10.2025<\/td><\/tr><tr><td><a href=\"https:\/\/www.steuern-nw.ch\/services\/fristerstreckung-2\/\" target=\"_blank\" rel=\"noreferrer noopener\">Nidwalden (NW)<\/a><\/td><td>30.06.2025<\/td><td>31.12.2025<\/td><td><\/td><\/tr><tr><td><a href=\"https:\/\/efristen-jp.ow.ch\/\">Obwalden (O<\/a><a href=\"https:\/\/efristen-jp.ow.ch\/\" target=\"_blank\" rel=\"noreferrer noopener\">W)<\/a><\/td><td>31.07.2025<\/td><td>31.03.2025<\/td><td><\/td><\/tr><tr><td><a href=\"https:\/\/www.sg.ch\/content\/sgch\/steuern-finanzen\/steuern\/fristverlaengerung\/juristische-personen.html\" target=\"_blank\" rel=\"noreferrer noopener\">St. Gallen (SG)<\/a><\/td><td>30.06.2025<\/td><td>31.12.2025<\/td><td><\/td><\/tr><tr><td><a href=\"https:\/\/sh.ch\/CMS\/frontend\/index.jsp?contentid=2236376&amp;language=DE&amp;globalshared=true\" target=\"_blank\" rel=\"noreferrer noopener\">Schaffhausen (SH)<\/a><\/td><td>30.09.2025<\/td><td>31.12.2025<\/td><td><\/td><\/tr><tr><td><a href=\"https:\/\/so.ch\/verwaltung\/finanzdepartement\/steueramt\/juristische-personen\/\" target=\"_blank\" rel=\"noreferrer noopener\">Solothurn (SO)<\/a><\/td><td>30.06.2025<\/td><td>31.10.2025<\/td><td>30.11.2025<\/td><\/tr><tr><td><a href=\"https:\/\/www.sz.ch\/unternehmen\/steuern\/steuern-juristische-personen\/efristen-juristische-personen.html\/72-443-4441-3193-4324\" target=\"_blank\" rel=\"noreferrer noopener\">Schwytz (SZ)<\/a><\/td><td>31.07.2025<\/td><td>31.12.2025<\/td><td><\/td><\/tr><tr><td><a href=\"https:\/\/steuerverwaltung.tg.ch\/hauptrubrik-2.html\/2758\" target=\"_blank\" rel=\"noreferrer noopener\">Thurgau (TG)<\/a><\/td><td>30.06.2025<\/td><td>31.12.2025<\/td><td><\/td><\/tr><tr><td><a href=\"https:\/\/www4.ti.ch\/dfe\/dc\/dichiarazione\/etax-pg\">Tessin (<\/a><a href=\"https:\/\/www4.ti.ch\/dfe\/dc\/dichiarazione\/etax-pg\" target=\"_blank\" rel=\"noreferrer noopener\">TI)<\/a><\/td><td>30.06.2025<\/td><td>31.01.2026<\/td><td><\/td><\/tr><tr><td><a href=\"https:\/\/www.ur.ch\/themen\/1567\" target=\"_blank\" rel=\"noreferrer noopener\">Uri (UR)<\/a><\/td><td>31.07.2025<\/td><td>31.12.2025<\/td><td><\/td><\/tr><tr><td><a href=\"https:\/\/www.vd.ch\/themes\/etat-droit-finances\/impots\/impots-pour-les-societes\/remplir-la-declaration-dimpot\/\" target=\"_blank\" rel=\"noreferrer noopener\">Waadt (VD)<\/a><\/td><td>12.09.2025<\/td><td>13.10.2025<\/td><td><\/td><\/tr><tr><td><a href=\"https:\/\/www.vs.ch\/web\/scc\/personnes-morales\" target=\"_blank\" rel=\"noreferrer noopener\">Wallis (VS)<\/a><\/td><td>30.06.2025<\/td><td>31.10.2025<\/td><td>31.12.2024<\/td><\/tr><tr><td><a href=\"https:\/\/zg.ch\/de\/steuern-finanzen\/steuern\/juristische-personen\/fristerstreckung-steuererklaerung\">Zug <\/a><a href=\"https:\/\/zg.ch\/de\/steuern-finanzen\/steuern\/juristische-personen\/fristerstreckung-steuererklaerung\" target=\"_blank\" rel=\"noreferrer noopener\">(ZG)<\/a><\/td><td>30.09.2025<\/td><td>30.06.2026<\/td><td><\/td><\/tr><tr><td><a href=\"https:\/\/www.zh.ch\/de\/steuern-finanzen\/steuern\/steuern-juristische-personen\/steuererklaerung-juristische-personen.html\" target=\"_blank\" rel=\"noreferrer noopener\">Z\u00fcrich (ZH)<\/a><\/td><td>30.09.2025<\/td><td>30.11.2025<\/td><td><\/td><\/tr><\/tbody><\/table><figcaption class=\"wp-element-caption\"><br\/>*Die Fristen basieren auf den im September 2024 ver\u00f6ffentlichten Daten.<\/figcaption><\/figure>\n","protected":false},"excerpt":{"rendered":"<p>Wir haben eine Zusammenfassung der Abgabefristen von Steuererkl\u00e4rungen f\u00fcr juristische Personen (Gesellschaften) zur Verf\u00fcgung gestellt. Diese Abgabefristen gelten f\u00fcr Gesch\u00e4ftsjahr 2024. Wir machen Ihnen darauf Aufmerksam, dass wir keine Haftung f\u00fcr diese Informationen \u00fcbernehmen. Wir bitten Sie diese Informationen mit den Steuerbeh\u00f6rden von Ihrem Kanton zu \u00fcberpr\u00fcfen. Kanton Abgabefrist 1. Fristerstreckung 2. Fristerstreckung Aargau (AG) [&hellip;]<\/p>\n","protected":false},"author":1,"featured_media":1954,"comment_status":"closed","ping_status":"open","sticky":false,"template":"","format":"standard","meta":{"_et_pb_use_builder":"off","_et_pb_old_content":"","_et_gb_content_width":"","footnotes":""},"categories":[21,29],"tags":[],"class_list":["post-3163","post","type-post","status-publish","format-standard","has-post-thumbnail","hentry","category-blog-de","category-steurn"],"yoast_head":"<!-- This site is optimized with the Yoast SEO Premium plugin v27.5 (Yoast SEO v27.5) - https:\/\/yoast.com\/product\/yoast-seo-premium-wordpress\/ -->\n<title>Abgabefrist der Steuererkl\u00e4rungen 2024 von juristischen Personen (Gesellschaften) - Treuhand Gaapex, Z\u00fcrich, Bern, Lausanne<\/title>\n<meta name=\"description\" content=\"Zusammenfassung der Abgabefristen von Steuererkl\u00e4rungen f\u00fcr juristische Personen in allen schweizerischen Kantonen f\u00fcr das Steuerjahr 2024.\" \/>\n<meta name=\"robots\" content=\"index, follow, max-snippet:-1, max-image-preview:large, max-video-preview:-1\" \/>\n<link rel=\"canonical\" href=\"https:\/\/www.gaapex.ch\/de\/blog-de\/abgabefrist-steuererklaerung-2024\/\" \/>\n<meta property=\"og:locale\" content=\"de_DE\" \/>\n<meta property=\"og:type\" content=\"article\" \/>\n<meta property=\"og:title\" content=\"Abgabefrist der Steuererkl\u00e4rungen 2024 von juristischen Personen (Gesellschaften)\" \/>\n<meta property=\"og:description\" content=\"Zusammenfassung der Abgabefristen von Steuererkl\u00e4rungen f\u00fcr juristische Personen in allen schweizerischen Kantonen f\u00fcr das Steuerjahr 2024.\" \/>\n<meta property=\"og:url\" content=\"https:\/\/www.gaapex.ch\/de\/blog-de\/abgabefrist-steuererklaerung-2024\/\" \/>\n<meta property=\"og:site_name\" content=\"Treuhand Gaapex, Z\u00fcrich, Bern, Lausanne\" \/>\n<meta property=\"article:publisher\" content=\"https:\/\/www.facebook.com\/gaapex.ch\" \/>\n<meta property=\"article:published_time\" content=\"2024-10-31T19:34:27+00:00\" \/>\n<meta property=\"article:modified_time\" content=\"2024-10-31T19:34:29+00:00\" \/>\n<meta property=\"og:image\" content=\"https:\/\/www.gaapex.ch\/wp-content\/uploads\/2020\/08\/co-1.jpg\" \/>\n\t<meta property=\"og:image:width\" content=\"770\" \/>\n\t<meta property=\"og:image:height\" content=\"470\" \/>\n\t<meta property=\"og:image:type\" content=\"image\/jpeg\" \/>\n<meta name=\"author\" content=\"Michel Haluzicky\" \/>\n<meta name=\"twitter:card\" content=\"summary_large_image\" \/>\n<meta name=\"twitter:creator\" content=\"@Gaapex\" \/>\n<meta name=\"twitter:site\" content=\"@Gaapex\" \/>\n<meta name=\"twitter:label1\" content=\"Verfasst von\" \/>\n\t<meta name=\"twitter:data1\" content=\"Michel Haluzicky\" \/>\n\t<meta name=\"twitter:label2\" content=\"Gesch\u00e4tzte Lesezeit\" \/>\n\t<meta name=\"twitter:data2\" content=\"2\u00a0Minuten\" \/>\n<script type=\"application\/ld+json\" class=\"yoast-schema-graph\">{\"@context\":\"https:\\\/\\\/schema.org\",\"@graph\":[{\"@type\":\"Article\",\"@id\":\"https:\\\/\\\/www.gaapex.ch\\\/de\\\/blog-de\\\/abgabefrist-steuererklaerung-2024\\\/#article\",\"isPartOf\":{\"@id\":\"https:\\\/\\\/www.gaapex.ch\\\/de\\\/blog-de\\\/abgabefrist-steuererklaerung-2024\\\/\"},\"author\":{\"name\":\"Michel Haluzicky\",\"@id\":\"https:\\\/\\\/www.gaapex.ch\\\/de\\\/#\\\/schema\\\/person\\\/51f5e4d107ba3908c0ca9c4896d9d780\"},\"headline\":\"Abgabefrist der Steuererkl\u00e4rungen 2024 von juristischen Personen (Gesellschaften)\",\"datePublished\":\"2024-10-31T19:34:27+00:00\",\"dateModified\":\"2024-10-31T19:34:29+00:00\",\"mainEntityOfPage\":{\"@id\":\"https:\\\/\\\/www.gaapex.ch\\\/de\\\/blog-de\\\/abgabefrist-steuererklaerung-2024\\\/\"},\"wordCount\":134,\"image\":{\"@id\":\"https:\\\/\\\/www.gaapex.ch\\\/de\\\/blog-de\\\/abgabefrist-steuererklaerung-2024\\\/#primaryimage\"},\"thumbnailUrl\":\"https:\\\/\\\/www.gaapex.ch\\\/wp-content\\\/uploads\\\/2020\\\/08\\\/co-1.jpg\",\"articleSection\":[\"Blog\",\"Steurn\"],\"inLanguage\":\"de\"},{\"@type\":\"WebPage\",\"@id\":\"https:\\\/\\\/www.gaapex.ch\\\/de\\\/blog-de\\\/abgabefrist-steuererklaerung-2024\\\/\",\"url\":\"https:\\\/\\\/www.gaapex.ch\\\/de\\\/blog-de\\\/abgabefrist-steuererklaerung-2024\\\/\",\"name\":\"Abgabefrist der Steuererkl\u00e4rungen 2024 von juristischen Personen (Gesellschaften) - Treuhand Gaapex, Z\u00fcrich, Bern, Lausanne\",\"isPartOf\":{\"@id\":\"https:\\\/\\\/www.gaapex.ch\\\/de\\\/#website\"},\"primaryImageOfPage\":{\"@id\":\"https:\\\/\\\/www.gaapex.ch\\\/de\\\/blog-de\\\/abgabefrist-steuererklaerung-2024\\\/#primaryimage\"},\"image\":{\"@id\":\"https:\\\/\\\/www.gaapex.ch\\\/de\\\/blog-de\\\/abgabefrist-steuererklaerung-2024\\\/#primaryimage\"},\"thumbnailUrl\":\"https:\\\/\\\/www.gaapex.ch\\\/wp-content\\\/uploads\\\/2020\\\/08\\\/co-1.jpg\",\"datePublished\":\"2024-10-31T19:34:27+00:00\",\"dateModified\":\"2024-10-31T19:34:29+00:00\",\"author\":{\"@id\":\"https:\\\/\\\/www.gaapex.ch\\\/de\\\/#\\\/schema\\\/person\\\/51f5e4d107ba3908c0ca9c4896d9d780\"},\"description\":\"Zusammenfassung der Abgabefristen von Steuererkl\u00e4rungen f\u00fcr juristische Personen in allen schweizerischen Kantonen f\u00fcr das Steuerjahr 2024.\",\"breadcrumb\":{\"@id\":\"https:\\\/\\\/www.gaapex.ch\\\/de\\\/blog-de\\\/abgabefrist-steuererklaerung-2024\\\/#breadcrumb\"},\"inLanguage\":\"de\",\"potentialAction\":[{\"@type\":\"ReadAction\",\"target\":[\"https:\\\/\\\/www.gaapex.ch\\\/de\\\/blog-de\\\/abgabefrist-steuererklaerung-2024\\\/\"]}]},{\"@type\":\"ImageObject\",\"inLanguage\":\"de\",\"@id\":\"https:\\\/\\\/www.gaapex.ch\\\/de\\\/blog-de\\\/abgabefrist-steuererklaerung-2024\\\/#primaryimage\",\"url\":\"https:\\\/\\\/www.gaapex.ch\\\/wp-content\\\/uploads\\\/2020\\\/08\\\/co-1.jpg\",\"contentUrl\":\"https:\\\/\\\/www.gaapex.ch\\\/wp-content\\\/uploads\\\/2020\\\/08\\\/co-1.jpg\",\"width\":770,\"height\":470},{\"@type\":\"BreadcrumbList\",\"@id\":\"https:\\\/\\\/www.gaapex.ch\\\/de\\\/blog-de\\\/abgabefrist-steuererklaerung-2024\\\/#breadcrumb\",\"itemListElement\":[{\"@type\":\"ListItem\",\"position\":1,\"name\":\"Accueil\",\"item\":\"https:\\\/\\\/www.gaapex.ch\\\/de\\\/\"},{\"@type\":\"ListItem\",\"position\":2,\"name\":\"Abgabefrist der Steuererkl\u00e4rungen 2024 von juristischen Personen (Gesellschaften)\"}]},{\"@type\":\"WebSite\",\"@id\":\"https:\\\/\\\/www.gaapex.ch\\\/de\\\/#website\",\"url\":\"https:\\\/\\\/www.gaapex.ch\\\/de\\\/\",\"name\":\"Treuhand Gaapex, Z\u00fcrich, Bern, Lausanne\",\"description\":\"Comptabilit\u00e9, fiscalit\u00e9 et finance\",\"potentialAction\":[{\"@type\":\"SearchAction\",\"target\":{\"@type\":\"EntryPoint\",\"urlTemplate\":\"https:\\\/\\\/www.gaapex.ch\\\/de\\\/?s={search_term_string}\"},\"query-input\":{\"@type\":\"PropertyValueSpecification\",\"valueRequired\":true,\"valueName\":\"search_term_string\"}}],\"inLanguage\":\"de\"},{\"@type\":\"Person\",\"@id\":\"https:\\\/\\\/www.gaapex.ch\\\/de\\\/#\\\/schema\\\/person\\\/51f5e4d107ba3908c0ca9c4896d9d780\",\"name\":\"Michel Haluzicky\",\"image\":{\"@type\":\"ImageObject\",\"inLanguage\":\"de\",\"@id\":\"https:\\\/\\\/secure.gravatar.com\\\/avatar\\\/643d068d5b3b5592741302c229ec3e0035986dd1103f2d33a76ab54a47df6311?s=96&d=mm&r=g\",\"url\":\"https:\\\/\\\/secure.gravatar.com\\\/avatar\\\/643d068d5b3b5592741302c229ec3e0035986dd1103f2d33a76ab54a47df6311?s=96&d=mm&r=g\",\"contentUrl\":\"https:\\\/\\\/secure.gravatar.com\\\/avatar\\\/643d068d5b3b5592741302c229ec3e0035986dd1103f2d33a76ab54a47df6311?s=96&d=mm&r=g\",\"caption\":\"Michel Haluzicky\"},\"sameAs\":[\"https:\\\/\\\/www.gaapex.ch\"],\"url\":\"https:\\\/\\\/www.gaapex.ch\\\/de\\\/author\\\/michel\\\/\"}]}<\/script>\n<!-- \/ Yoast SEO Premium plugin. -->","yoast_head_json":{"title":"Abgabefrist der Steuererkl\u00e4rungen 2024 von juristischen Personen (Gesellschaften) - Treuhand Gaapex, Z\u00fcrich, Bern, Lausanne","description":"Zusammenfassung der Abgabefristen von Steuererkl\u00e4rungen f\u00fcr juristische Personen in allen schweizerischen Kantonen f\u00fcr das Steuerjahr 2024.","robots":{"index":"index","follow":"follow","max-snippet":"max-snippet:-1","max-image-preview":"max-image-preview:large","max-video-preview":"max-video-preview:-1"},"canonical":"https:\/\/www.gaapex.ch\/de\/blog-de\/abgabefrist-steuererklaerung-2024\/","og_locale":"de_DE","og_type":"article","og_title":"Abgabefrist der Steuererkl\u00e4rungen 2024 von juristischen Personen (Gesellschaften)","og_description":"Zusammenfassung der Abgabefristen von Steuererkl\u00e4rungen f\u00fcr juristische Personen in allen schweizerischen Kantonen f\u00fcr das Steuerjahr 2024.","og_url":"https:\/\/www.gaapex.ch\/de\/blog-de\/abgabefrist-steuererklaerung-2024\/","og_site_name":"Treuhand Gaapex, Z\u00fcrich, Bern, Lausanne","article_publisher":"https:\/\/www.facebook.com\/gaapex.ch","article_published_time":"2024-10-31T19:34:27+00:00","article_modified_time":"2024-10-31T19:34:29+00:00","og_image":[{"width":770,"height":470,"url":"https:\/\/www.gaapex.ch\/wp-content\/uploads\/2020\/08\/co-1.jpg","type":"image\/jpeg"}],"author":"Michel Haluzicky","twitter_card":"summary_large_image","twitter_creator":"@Gaapex","twitter_site":"@Gaapex","twitter_misc":{"Verfasst von":"Michel Haluzicky","Gesch\u00e4tzte Lesezeit":"2\u00a0Minuten"},"schema":{"@context":"https:\/\/schema.org","@graph":[{"@type":"Article","@id":"https:\/\/www.gaapex.ch\/de\/blog-de\/abgabefrist-steuererklaerung-2024\/#article","isPartOf":{"@id":"https:\/\/www.gaapex.ch\/de\/blog-de\/abgabefrist-steuererklaerung-2024\/"},"author":{"name":"Michel Haluzicky","@id":"https:\/\/www.gaapex.ch\/de\/#\/schema\/person\/51f5e4d107ba3908c0ca9c4896d9d780"},"headline":"Abgabefrist der Steuererkl\u00e4rungen 2024 von juristischen Personen (Gesellschaften)","datePublished":"2024-10-31T19:34:27+00:00","dateModified":"2024-10-31T19:34:29+00:00","mainEntityOfPage":{"@id":"https:\/\/www.gaapex.ch\/de\/blog-de\/abgabefrist-steuererklaerung-2024\/"},"wordCount":134,"image":{"@id":"https:\/\/www.gaapex.ch\/de\/blog-de\/abgabefrist-steuererklaerung-2024\/#primaryimage"},"thumbnailUrl":"https:\/\/www.gaapex.ch\/wp-content\/uploads\/2020\/08\/co-1.jpg","articleSection":["Blog","Steurn"],"inLanguage":"de"},{"@type":"WebPage","@id":"https:\/\/www.gaapex.ch\/de\/blog-de\/abgabefrist-steuererklaerung-2024\/","url":"https:\/\/www.gaapex.ch\/de\/blog-de\/abgabefrist-steuererklaerung-2024\/","name":"Abgabefrist der Steuererkl\u00e4rungen 2024 von juristischen Personen (Gesellschaften) - Treuhand Gaapex, Z\u00fcrich, Bern, Lausanne","isPartOf":{"@id":"https:\/\/www.gaapex.ch\/de\/#website"},"primaryImageOfPage":{"@id":"https:\/\/www.gaapex.ch\/de\/blog-de\/abgabefrist-steuererklaerung-2024\/#primaryimage"},"image":{"@id":"https:\/\/www.gaapex.ch\/de\/blog-de\/abgabefrist-steuererklaerung-2024\/#primaryimage"},"thumbnailUrl":"https:\/\/www.gaapex.ch\/wp-content\/uploads\/2020\/08\/co-1.jpg","datePublished":"2024-10-31T19:34:27+00:00","dateModified":"2024-10-31T19:34:29+00:00","author":{"@id":"https:\/\/www.gaapex.ch\/de\/#\/schema\/person\/51f5e4d107ba3908c0ca9c4896d9d780"},"description":"Zusammenfassung der Abgabefristen von Steuererkl\u00e4rungen f\u00fcr juristische Personen in allen schweizerischen Kantonen f\u00fcr das Steuerjahr 2024.","breadcrumb":{"@id":"https:\/\/www.gaapex.ch\/de\/blog-de\/abgabefrist-steuererklaerung-2024\/#breadcrumb"},"inLanguage":"de","potentialAction":[{"@type":"ReadAction","target":["https:\/\/www.gaapex.ch\/de\/blog-de\/abgabefrist-steuererklaerung-2024\/"]}]},{"@type":"ImageObject","inLanguage":"de","@id":"https:\/\/www.gaapex.ch\/de\/blog-de\/abgabefrist-steuererklaerung-2024\/#primaryimage","url":"https:\/\/www.gaapex.ch\/wp-content\/uploads\/2020\/08\/co-1.jpg","contentUrl":"https:\/\/www.gaapex.ch\/wp-content\/uploads\/2020\/08\/co-1.jpg","width":770,"height":470},{"@type":"BreadcrumbList","@id":"https:\/\/www.gaapex.ch\/de\/blog-de\/abgabefrist-steuererklaerung-2024\/#breadcrumb","itemListElement":[{"@type":"ListItem","position":1,"name":"Accueil","item":"https:\/\/www.gaapex.ch\/de\/"},{"@type":"ListItem","position":2,"name":"Abgabefrist der Steuererkl\u00e4rungen 2024 von juristischen Personen (Gesellschaften)"}]},{"@type":"WebSite","@id":"https:\/\/www.gaapex.ch\/de\/#website","url":"https:\/\/www.gaapex.ch\/de\/","name":"Treuhand Gaapex, Z\u00fcrich, Bern, Lausanne","description":"Comptabilit\u00e9, fiscalit\u00e9 et finance","potentialAction":[{"@type":"SearchAction","target":{"@type":"EntryPoint","urlTemplate":"https:\/\/www.gaapex.ch\/de\/?s={search_term_string}"},"query-input":{"@type":"PropertyValueSpecification","valueRequired":true,"valueName":"search_term_string"}}],"inLanguage":"de"},{"@type":"Person","@id":"https:\/\/www.gaapex.ch\/de\/#\/schema\/person\/51f5e4d107ba3908c0ca9c4896d9d780","name":"Michel Haluzicky","image":{"@type":"ImageObject","inLanguage":"de","@id":"https:\/\/secure.gravatar.com\/avatar\/643d068d5b3b5592741302c229ec3e0035986dd1103f2d33a76ab54a47df6311?s=96&d=mm&r=g","url":"https:\/\/secure.gravatar.com\/avatar\/643d068d5b3b5592741302c229ec3e0035986dd1103f2d33a76ab54a47df6311?s=96&d=mm&r=g","contentUrl":"https:\/\/secure.gravatar.com\/avatar\/643d068d5b3b5592741302c229ec3e0035986dd1103f2d33a76ab54a47df6311?s=96&d=mm&r=g","caption":"Michel Haluzicky"},"sameAs":["https:\/\/www.gaapex.ch"],"url":"https:\/\/www.gaapex.ch\/de\/author\/michel\/"}]}},"_links":{"self":[{"href":"https:\/\/www.gaapex.ch\/de\/wp-json\/wp\/v2\/posts\/3163","targetHints":{"allow":["GET"]}}],"collection":[{"href":"https:\/\/www.gaapex.ch\/de\/wp-json\/wp\/v2\/posts"}],"about":[{"href":"https:\/\/www.gaapex.ch\/de\/wp-json\/wp\/v2\/types\/post"}],"author":[{"embeddable":true,"href":"https:\/\/www.gaapex.ch\/de\/wp-json\/wp\/v2\/users\/1"}],"replies":[{"embeddable":true,"href":"https:\/\/www.gaapex.ch\/de\/wp-json\/wp\/v2\/comments?post=3163"}],"version-history":[{"count":3,"href":"https:\/\/www.gaapex.ch\/de\/wp-json\/wp\/v2\/posts\/3163\/revisions"}],"predecessor-version":[{"id":3331,"href":"https:\/\/www.gaapex.ch\/de\/wp-json\/wp\/v2\/posts\/3163\/revisions\/3331"}],"wp:featuredmedia":[{"embeddable":true,"href":"https:\/\/www.gaapex.ch\/de\/wp-json\/wp\/v2\/media\/1954"}],"wp:attachment":[{"href":"https:\/\/www.gaapex.ch\/de\/wp-json\/wp\/v2\/media?parent=3163"}],"wp:term":[{"taxonomy":"category","embeddable":true,"href":"https:\/\/www.gaapex.ch\/de\/wp-json\/wp\/v2\/categories?post=3163"},{"taxonomy":"post_tag","embeddable":true,"href":"https:\/\/www.gaapex.ch\/de\/wp-json\/wp\/v2\/tags?post=3163"}],"curies":[{"name":"wp","href":"https:\/\/api.w.org\/{rel}","templated":true}]}}